{"id":1168,"date":"2019-10-07T18:42:45","date_gmt":"2019-10-07T21:42:45","guid":{"rendered":"https:\/\/sbcomunicacao.com.br\/clientes\/cba\/?p=1168"},"modified":"2019-10-07T18:42:45","modified_gmt":"2019-10-07T21:42:45","slug":"ii-congresso-paulista-de-cuidados-paliativos","status":"publish","type":"post","link":"https:\/\/www.cbacred.org.br\/site\/ii-congresso-paulista-de-cuidados-paliativos\/","title":{"rendered":"II Congresso Paulista de Cuidados Paliativos"},"content":{"rendered":"<p>Nosso superintendente Heleno Costa Junior ministra palestra sobre &#8216;Pilares de Qualidade em um Programa de Cuidados Paliativos. Crit\u00e9rio de avalia\u00e7\u00e3o de um Servi\u00e7o: o que n\u00e3o pode faltar?&#8217; no <strong>II Congresso Paulista de Cuidados Paliativos<\/strong>, que acontece de 28 a 30 de novembro. Saiba mais e inscreva-se no link <a href=\"http:\/\/paliativosp.com.br\/2019\" target=\"_blank\" rel=\"nofollow noopener noreferrer\">http:\/\/paliativosp.com.br\/2019<\/a><\/p>\n","protected":false},"excerpt":{"rendered":"<p>Nosso superintendente Heleno Costa Junior ministra palestra sobre &#8216;Pilares de Qualidade em um Programa de Cuidados Paliativos. Crit\u00e9rio de avalia\u00e7\u00e3o de um Servi\u00e7o: o que n\u00e3o pode faltar?&#8217; no II Congresso Paulista de Cuidados Paliativos, que acontece de 28 a 30 de novembro. Saiba mais e inscreva-se no link http:\/\/paliativosp.com.br\/2019<\/p>\n","protected":false},"author":1,"featured_media":0,"comment_status":"closed","ping_status":"closed","sticky":false,"template":"","format":"standard","meta":{"_et_pb_use_builder":"","_et_pb_old_content":"","_et_gb_content_width":"","footnotes":""},"categories":[3],"tags":[],"yoast_head":"<!-- This site is optimized with the Yoast SEO plugin v23.1 - https:\/\/yoast.com\/wordpress\/plugins\/seo\/ -->\n<title>II Congresso Paulista de Cuidados Paliativos - CBA<\/title>\n<meta name=\"robots\" content=\"index, follow, max-snippet:-1, max-image-preview:large, max-video-preview:-1\" \/>\n<link rel=\"canonical\" href=\"https:\/\/www.cbacred.org.br\/site\/ii-congresso-paulista-de-cuidados-paliativos\/\" \/>\n<meta property=\"og:locale\" content=\"pt_BR\" \/>\n<meta property=\"og:type\" content=\"article\" \/>\n<meta property=\"og:title\" content=\"II Congresso Paulista de Cuidados Paliativos - CBA\" \/>\n<meta property=\"og:description\" content=\"Nosso superintendente Heleno Costa Junior ministra palestra sobre &#8216;Pilares de Qualidade em um Programa de Cuidados Paliativos. Crit\u00e9rio de avalia\u00e7\u00e3o de um Servi\u00e7o: o que n\u00e3o pode faltar?&#8217; no II Congresso Paulista de Cuidados Paliativos, que acontece de 28 a 30 de novembro. Saiba mais e inscreva-se no link http:\/\/paliativosp.com.br\/2019\" \/>\n<meta property=\"og:url\" content=\"https:\/\/www.cbacred.org.br\/site\/ii-congresso-paulista-de-cuidados-paliativos\/\" \/>\n<meta property=\"og:site_name\" content=\"CBA\" \/>\n<meta property=\"article:published_time\" content=\"2019-10-07T21:42:45+00:00\" \/>\n<meta name=\"author\" content=\"admin\" \/>\n<meta name=\"twitter:card\" content=\"summary_large_image\" \/>\n<meta name=\"twitter:label1\" content=\"Escrito por\" \/>\n\t<meta name=\"twitter:data1\" content=\"admin\" \/>\n<script type=\"application\/ld+json\" class=\"yoast-schema-graph\">{\"@context\":\"https:\/\/schema.org\",\"@graph\":[{\"@type\":\"WebPage\",\"@id\":\"https:\/\/www.cbacred.org.br\/site\/ii-congresso-paulista-de-cuidados-paliativos\/\",\"url\":\"https:\/\/www.cbacred.org.br\/site\/ii-congresso-paulista-de-cuidados-paliativos\/\",\"name\":\"II Congresso Paulista de Cuidados Paliativos - CBA\",\"isPartOf\":{\"@id\":\"https:\/\/cbacred.org.br\/site\/#website\"},\"datePublished\":\"2019-10-07T21:42:45+00:00\",\"dateModified\":\"2019-10-07T21:42:45+00:00\",\"author\":{\"@id\":\"https:\/\/cbacred.org.br\/site\/#\/schema\/person\/08dead3bfe2316127504b6569de2f992\"},\"breadcrumb\":{\"@id\":\"https:\/\/www.cbacred.org.br\/site\/ii-congresso-paulista-de-cuidados-paliativos\/#breadcrumb\"},\"inLanguage\":\"pt-BR\",\"potentialAction\":[{\"@type\":\"ReadAction\",\"target\":[\"https:\/\/www.cbacred.org.br\/site\/ii-congresso-paulista-de-cuidados-paliativos\/\"]}]},{\"@type\":\"BreadcrumbList\",\"@id\":\"https:\/\/www.cbacred.org.br\/site\/ii-congresso-paulista-de-cuidados-paliativos\/#breadcrumb\",\"itemListElement\":[{\"@type\":\"ListItem\",\"position\":1,\"name\":\"In\u00edcio\",\"item\":\"https:\/\/cbacred.org.br\/site\/\"},{\"@type\":\"ListItem\",\"position\":2,\"name\":\"II Congresso Paulista de Cuidados Paliativos\"}]},{\"@type\":\"WebSite\",\"@id\":\"https:\/\/cbacred.org.br\/site\/#website\",\"url\":\"https:\/\/cbacred.org.br\/site\/\",\"name\":\"CBA\",\"description\":\"Cons\u00f3rcio Brasileiro de Acredita\u00e7\u00e3o\",\"potentialAction\":[{\"@type\":\"SearchAction\",\"target\":{\"@type\":\"EntryPoint\",\"urlTemplate\":\"https:\/\/cbacred.org.br\/site\/?s={search_term_string}\"},\"query-input\":\"required name=search_term_string\"}],\"inLanguage\":\"pt-BR\"},{\"@type\":\"Person\",\"@id\":\"https:\/\/cbacred.org.br\/site\/#\/schema\/person\/08dead3bfe2316127504b6569de2f992\",\"name\":\"admin\",\"image\":{\"@type\":\"ImageObject\",\"inLanguage\":\"pt-BR\",\"@id\":\"https:\/\/cbacred.org.br\/site\/#\/schema\/person\/image\/\",\"url\":\"https:\/\/secure.gravatar.com\/avatar\/df79bd79a0af60a25ae9fa822179d481?s=96&d=mm&r=g\",\"contentUrl\":\"https:\/\/secure.gravatar.com\/avatar\/df79bd79a0af60a25ae9fa822179d481?s=96&d=mm&r=g\",\"caption\":\"admin\"},\"sameAs\":[\"http:\/\/cbacred.org.br\/site\"],\"url\":\"https:\/\/www.cbacred.org.br\/site\/author\/admin\/\"}]}<\/script>\n<!-- \/ Yoast SEO plugin. -->","yoast_head_json":{"title":"II Congresso Paulista de Cuidados Paliativos - CBA","robots":{"index":"index","follow":"follow","max-snippet":"max-snippet:-1","max-image-preview":"max-image-preview:large","max-video-preview":"max-video-preview:-1"},"canonical":"https:\/\/www.cbacred.org.br\/site\/ii-congresso-paulista-de-cuidados-paliativos\/","og_locale":"pt_BR","og_type":"article","og_title":"II Congresso Paulista de Cuidados Paliativos - CBA","og_description":"Nosso superintendente Heleno Costa Junior ministra palestra sobre &#8216;Pilares de Qualidade em um Programa de Cuidados Paliativos. Crit\u00e9rio de avalia\u00e7\u00e3o de um Servi\u00e7o: o que n\u00e3o pode faltar?&#8217; no II Congresso Paulista de Cuidados Paliativos, que acontece de 28 a 30 de novembro. Saiba mais e inscreva-se no link http:\/\/paliativosp.com.br\/2019","og_url":"https:\/\/www.cbacred.org.br\/site\/ii-congresso-paulista-de-cuidados-paliativos\/","og_site_name":"CBA","article_published_time":"2019-10-07T21:42:45+00:00","author":"admin","twitter_card":"summary_large_image","twitter_misc":{"Escrito por":"admin"},"schema":{"@context":"https:\/\/schema.org","@graph":[{"@type":"WebPage","@id":"https:\/\/www.cbacred.org.br\/site\/ii-congresso-paulista-de-cuidados-paliativos\/","url":"https:\/\/www.cbacred.org.br\/site\/ii-congresso-paulista-de-cuidados-paliativos\/","name":"II Congresso Paulista de Cuidados Paliativos - CBA","isPartOf":{"@id":"https:\/\/cbacred.org.br\/site\/#website"},"datePublished":"2019-10-07T21:42:45+00:00","dateModified":"2019-10-07T21:42:45+00:00","author":{"@id":"https:\/\/cbacred.org.br\/site\/#\/schema\/person\/08dead3bfe2316127504b6569de2f992"},"breadcrumb":{"@id":"https:\/\/www.cbacred.org.br\/site\/ii-congresso-paulista-de-cuidados-paliativos\/#breadcrumb"},"inLanguage":"pt-BR","potentialAction":[{"@type":"ReadAction","target":["https:\/\/www.cbacred.org.br\/site\/ii-congresso-paulista-de-cuidados-paliativos\/"]}]},{"@type":"BreadcrumbList","@id":"https:\/\/www.cbacred.org.br\/site\/ii-congresso-paulista-de-cuidados-paliativos\/#breadcrumb","itemListElement":[{"@type":"ListItem","position":1,"name":"In\u00edcio","item":"https:\/\/cbacred.org.br\/site\/"},{"@type":"ListItem","position":2,"name":"II Congresso Paulista de Cuidados Paliativos"}]},{"@type":"WebSite","@id":"https:\/\/cbacred.org.br\/site\/#website","url":"https:\/\/cbacred.org.br\/site\/","name":"CBA","description":"Cons\u00f3rcio Brasileiro de Acredita\u00e7\u00e3o","potentialAction":[{"@type":"SearchAction","target":{"@type":"EntryPoint","urlTemplate":"https:\/\/cbacred.org.br\/site\/?s={search_term_string}"},"query-input":"required name=search_term_string"}],"inLanguage":"pt-BR"},{"@type":"Person","@id":"https:\/\/cbacred.org.br\/site\/#\/schema\/person\/08dead3bfe2316127504b6569de2f992","name":"admin","image":{"@type":"ImageObject","inLanguage":"pt-BR","@id":"https:\/\/cbacred.org.br\/site\/#\/schema\/person\/image\/","url":"https:\/\/secure.gravatar.com\/avatar\/df79bd79a0af60a25ae9fa822179d481?s=96&d=mm&r=g","contentUrl":"https:\/\/secure.gravatar.com\/avatar\/df79bd79a0af60a25ae9fa822179d481?s=96&d=mm&r=g","caption":"admin"},"sameAs":["http:\/\/cbacred.org.br\/site"],"url":"https:\/\/www.cbacred.org.br\/site\/author\/admin\/"}]}},"_links":{"self":[{"href":"https:\/\/www.cbacred.org.br\/site\/wp-json\/wp\/v2\/posts\/1168"}],"collection":[{"href":"https:\/\/www.cbacred.org.br\/site\/wp-json\/wp\/v2\/posts"}],"about":[{"href":"https:\/\/www.cbacred.org.br\/site\/wp-json\/wp\/v2\/types\/post"}],"author":[{"embeddable":true,"href":"https:\/\/www.cbacred.org.br\/site\/wp-json\/wp\/v2\/users\/1"}],"replies":[{"embeddable":true,"href":"https:\/\/www.cbacred.org.br\/site\/wp-json\/wp\/v2\/comments?post=1168"}],"version-history":[{"count":0,"href":"https:\/\/www.cbacred.org.br\/site\/wp-json\/wp\/v2\/posts\/1168\/revisions"}],"wp:attachment":[{"href":"https:\/\/www.cbacred.org.br\/site\/wp-json\/wp\/v2\/media?parent=1168"}],"wp:term":[{"taxonomy":"category","embeddable":true,"href":"https:\/\/www.cbacred.org.br\/site\/wp-json\/wp\/v2\/categories?post=1168"},{"taxonomy":"post_tag","embeddable":true,"href":"https:\/\/www.cbacred.org.br\/site\/wp-json\/wp\/v2\/tags?post=1168"}],"curies":[{"name":"wp","href":"https:\/\/api.w.org\/{rel}","templated":true}]}}